{"id":1323,"date":"2025-08-06T10:00:00","date_gmt":"2025-08-06T08:00:00","guid":{"rendered":"http:\/\/139.84.233.196\/acbf.org\/?post_type=news&#038;p=1323"},"modified":"2026-04-16T15:56:29","modified_gmt":"2026-04-16T13:56:29","slug":"the-africa-think-tank-platform-call-for-proposals-to-advance-policy-research-across-the-continent","status":"publish","type":"news","link":"https:\/\/theacbf.org\/fr\/news\/the-africa-think-tank-platform-call-for-proposals-to-advance-policy-research-across-the-continent\/","title":{"rendered":"Appel \u00e0 propositions de la Plateforme des groupes de r\u00e9flexion africains pour faire progresser la recherche sur les politiques \u00e0 travers le continent"},"content":{"rendered":"<p><strong>Appel \u00e0 propositions de la Plateforme des groupes de r\u00e9flexion africains pour faire progresser la recherche sur les politiques \u00e0 travers le continent<\/strong><\/p>\n\n\n\n<div class=\"wp-block-media-text is-stacked-on-mobile is-vertically-aligned-center\"><figure class=\"wp-block-media-text__media\"><img decoding=\"async\" width=\"1024\" height=\"576\" src=\"https:\/\/theacbf.org\/wp-content\/uploads\/2025\/08\/Applications-Now-Open-scaled-1-2-1024x576.jpg\" alt=\"\" class=\"wp-image-3442 size-full\" srcset=\"https:\/\/theacbf.org\/wp-content\/uploads\/2025\/08\/Applications-Now-Open-scaled-1-2-1024x576.jpg 1024w, https:\/\/theacbf.org\/wp-content\/uploads\/2025\/08\/Applications-Now-Open-scaled-1-2-300x169.jpg 300w, https:\/\/theacbf.org\/wp-content\/uploads\/2025\/08\/Applications-Now-Open-scaled-1-2-768x432.jpg 768w, https:\/\/theacbf.org\/wp-content\/uploads\/2025\/08\/Applications-Now-Open-scaled-1-2-1536x864.jpg 1536w, https:\/\/theacbf.org\/wp-content\/uploads\/2025\/08\/Applications-Now-Open-scaled-1-2-2048x1152.jpg 2048w, https:\/\/theacbf.org\/wp-content\/uploads\/2025\/08\/Applications-Now-Open-scaled-1-2-18x10.jpg 18w, https:\/\/theacbf.org\/wp-content\/uploads\/2025\/08\/Applications-Now-Open-scaled-1-2-1200x675.jpg 1200w\" sizes=\"(max-width: 1024px) 100vw, 1024px\" \/><\/figure><div class=\"wp-block-media-text__content\">\n<p>La Commission de l'Union africaine lancera un appel \u00e0 propositions le 24 juillet 2025 pour son initiative de cinq ans, dot\u00e9e de 50 millions de dollars, intitul\u00e9e Africa Think Tank Platform, offrant des subventions comp\u00e9titives et un soutien institutionnel pour renforcer les institutions de recherche politique \u00e0 travers le continent.<\/p>\n\n\n\n<p>La Plateforme Africa Think Tank (ATTP) est une initiative de la Commission de l'Union africaine en partenariat avec la Fondation pour le renforcement des capacit\u00e9s en Afrique (ACBF) et l'Agence de d\u00e9veloppement de l'Union africaine (AUDA-NEPAD), avec un financement du Groupe de la Banque mondiale.<\/p>\n\n\n\n<p>L\u2019appel \u00e0 propositions marque le lancement op\u00e9rationnel de l\u2019initiative, qui vise \u00e0 am\u00e9liorer l\u2019\u00e9laboration de politiques fond\u00e9es sur des donn\u00e9es probantes et la collaboration transfrontali\u00e8re entre les institutions de recherche africaines.<\/p>\n<\/div><\/div>\n\n\n\n<div style=\"height:20px\" aria-hidden=\"true\" class=\"wp-block-spacer\"><\/div>\n\n\n\n<p>L'appel \u00e0 propositions s\u00e9lectionnera entre trois et cinq consortiums, chacun compos\u00e9 de trois \u00e0 cinq think tanks africains, qui recevront des subventions d'environ 10 millions de dollars am\u00e9ricains pour une dur\u00e9e maximale de deux ans et demi (2,5 ans). Les consortiums s\u00e9lectionn\u00e9s m\u00e8neront des recherches collaboratives sur les questions d'int\u00e9gration r\u00e9gionale dans six domaines prioritaires\u00a0: transformation \u00e9conomique et gouvernance, adaptation au changement climatique, commerce r\u00e9gional et cha\u00eenes de valeur, s\u00e9curit\u00e9 alimentaire, d\u00e9veloppement du capital humain et num\u00e9risation. L'inclusion des femmes sera int\u00e9gr\u00e9e dans tous les domaines th\u00e9matiques. Chaque consortium devra aborder au moins quatre de ces domaines prioritaires, les subventions soutenant la recherche pertinente pour les politiques, leur adoption, le renforcement des capacit\u00e9s institutionnelles et les initiatives visant \u00e0 am\u00e9liorer la repr\u00e9sentation des femmes dans les r\u00f4les professionnels au sein des think tanks.<\/p>\n\n\n\n<p>L'\u00e9v\u00e9nement de lancement aura lieu au si\u00e8ge de l'Union africaine \u00e0 Addis-Abeba et sera diffus\u00e9 virtuellement pour permettre la participation du continent. Les think tanks ont jusqu'au 24 septembre 2025 pour soumettre leurs propositions, les notifications d'attribution \u00e9tant pr\u00e9vues pour le 14 novembre 2025.<\/p>\n\n\n\n<p><strong>Relever les d\u00e9fis continentaux<\/strong><\/p>\n\n\n\n<p>La plateforme r\u00e9pond aux multiples d\u00e9fis politiques interconnect\u00e9s auxquels l\u2019Afrique est confront\u00e9e, notamment l\u2019instabilit\u00e9 politique, les d\u00e9ficits de gouvernance, les in\u00e9galit\u00e9s \u00e9conomiques, les impacts du changement climatique, les crises sanitaires et l\u2019ins\u00e9curit\u00e9 alimentaire.<\/p>\n\n\n\n<p>De nombreux pays africains sont \u00e9galement confront\u00e9s \u00e0 des contraintes financi\u00e8res, \u00e0 une dette ext\u00e9rieure, \u00e0 des d\u00e9ficits de capacit\u00e9s et \u00e0 une mise en \u0153uvre fragment\u00e9e des politiques.<\/p>\n\n\n\n<p><strong>Soutenir l\u2019int\u00e9gration r\u00e9gionale<\/strong><\/p>\n\n\n\n<p>La plateforme facilitera les partenariats entre les groupes de r\u00e9flexion et les d\u00e9cideurs politiques tout en favorisant l\u2019harmonisation des politiques r\u00e9gionales.<\/p>\n\n\n\n<p>Il cr\u00e9era \u00e9galement un r\u00e9f\u00e9rentiel de connaissances politiques dynamique et accessible pour soutenir la prise de d\u00e9cision fond\u00e9e sur des donn\u00e9es probantes, align\u00e9e sur l\u2019Agenda 2063 de l\u2019Union africaine et les objectifs de d\u00e9veloppement mondiaux.<\/p>\n\n\n\n<p><strong>Mod\u00e8le de recherche collaborative<\/strong><\/p>\n\n\n\n<p>L\u2019ATTP s\u2019attaque aux obstacles courants auxquels sont confront\u00e9s les groupes de r\u00e9flexion africains, notamment les capacit\u00e9s limit\u00e9es, les contraintes de financement et l\u2019acc\u00e8s restreint aux d\u00e9cideurs politiques.<\/p>\n\n\n\n<p>L\u2019initiative met l\u2019accent sur la recherche collaborative et transfrontali\u00e8re pour \u00e9viter les doublons et soutenir la mise en \u0153uvre efficace des politiques dans tous les \u00c9tats membres.<\/p>\n\n\n\n<p>Les r\u00e9cents chocs \u00e9conomiques, notamment ceux caus\u00e9s par la pand\u00e9mie de COVID-19 et la guerre en Ukraine, ont mis en \u00e9vidence la n\u00e9cessit\u00e9 d\u2019institutions africaines fortes, capables de prendre des d\u00e9cisions r\u00e9gionales efficaces.<\/p>\n\n\n\n<p>La plateforme vise \u00e0 r\u00e9aliser des \u00e9conomies d\u2019\u00e9chelle en soutenant la recherche qui transcende les fronti\u00e8res nationales.<\/p>\n\n\n\n<p><strong>Processus de candidature et assistance<\/strong><\/p>\n\n\n\n<p>Les candidats admissibles doivent d\u00e9montrer de solides ant\u00e9c\u00e9dents en mati\u00e8re de recherche sur les politiques publiques, de collaboration r\u00e9gionale et de capacit\u00e9 institutionnelle.<\/p>\n\n\n\n<p>Le processus de s\u00e9lection comp\u00e9titif donnera la priorit\u00e9 aux groupes de r\u00e9flexion capables de g\u00e9n\u00e9rer des solutions politiques pratiques et de haute qualit\u00e9.<\/p>\n\n\n\n<p>Les consortiums s\u00e9lectionn\u00e9s recevront un financement, un soutien institutionnel, un d\u00e9veloppement des capacit\u00e9s et un acc\u00e8s \u00e0 un r\u00e9seau continental les reliant aux d\u00e9cideurs politiques et aux institutions homologues.<\/p>\n\n\n\n<p>L\u2019initiative vise \u00e0 renforcer les institutions africaines et \u00e0 \u00e9tendre leur influence dans la d\u00e9finition des r\u00e9sultats du d\u00e9veloppement.<\/p>\n\n\n\n<p><strong>Engagement continu<\/strong><\/p>\n\n\n\n<p>Des webinaires d\u2019information r\u00e9guliers fourniront des mises \u00e0 jour et des s\u00e9ances de questions-r\u00e9ponses en direct aux candidats int\u00e9ress\u00e9s. &nbsp;<\/p>\n\n\n\n<p>Plus de d\u00e9tails seront diffus\u00e9s par courrier \u00e9lectronique et via les sites Web de l'ATTP et des organisations partenaires.<\/p>\n\n\n\n<p>La plateforme repr\u00e9sente ce que les organisateurs d\u00e9crivent comme une solution locale qui pourrait servir de mod\u00e8le pour le d\u00e9veloppement d\u2019infrastructures politiques.<\/p>\n\n\n\n<p>Au cours des cinq prochaines ann\u00e9es, l\u2019ATTP aidera les groupes de r\u00e9flexion et les d\u00e9cideurs politiques \u00e0 cr\u00e9er des solutions durables, dirig\u00e9es par les Africains, fond\u00e9es sur des preuves issues de projets sur le terrain.<\/p>\n\n\n\n<p>L\u2019initiative a le potentiel de cr\u00e9er de nouvelles opportunit\u00e9s d\u2019emploi dans l\u2019\u00e9laboration de politiques fond\u00e9es sur des donn\u00e9es probantes pour le d\u00e9veloppement durable, tout en red\u00e9finissant les partenariats de d\u00e9veloppement et la recherche politique \u00e0 travers l\u2019Afrique en mettant l\u2019accent sur les connaissances et l\u2019expertise locales.<\/p>\n\n\n\n<p>Les organisations int\u00e9ress\u00e9es \u00e0 participer peuvent acc\u00e9der aux informations sur les crit\u00e8res d\u2019\u00e9ligibilit\u00e9 et les processus de soumission lors de l\u2019\u00e9v\u00e9nement de lancement du 24 juillet, qui comprendra des pr\u00e9sentations sur la vision de l\u2019ATTP et une s\u00e9ance de questions-r\u00e9ponses avec le Secr\u00e9tariat.<\/p>\n\n\n\n<p><em>Pour plus d'informations sur l'appel \u00e0 propositions et l'inscription en direct, les parties int\u00e9ress\u00e9es doivent contacter le secr\u00e9tariat de l'ATTP \u00e0 l'adresse suivante : <\/em><a href=\"mailto:attpinfo@africanunion.org\">attpinfo@africanunion.org<\/a>.&nbsp;<em> Les mises \u00e0 jour seront disponibles sur la page officielle de l'ATTP\u00a0:&nbsp; <\/em><a href=\"https:\/\/africathinktankplatform.africa\" target=\"_blank\" rel=\"noopener\">https:\/\/africathinktankplatform.africa.<\/a><\/p>\n\n\n\n<p><strong>Pour plus d'informations, contactez :<\/strong><\/p>\n\n\n\n<p>Fatou Diouf, Responsable Communication et Influence&nbsp;<br><a href=\"mailto:comms@theacbf.org\" target=\"_blank\" rel=\"noreferrer noopener\">comms@theacbf.org<\/a><\/p>\n\n\n\n<p><strong>Suivez-nous sur :&nbsp;<\/strong><br><a href=\"https:\/\/www.linkedin.com\/company\/africa-capacity-building-foundation\" target=\"_blank\" rel=\"noreferrer noopener\">www.linkedin.com\/company\/africa-capacity-building-foundation&nbsp;<\/a>&nbsp;&nbsp;<br><a href=\"https:\/\/www.twitter.com\/ACBF_Official\" target=\"_blank\" rel=\"noreferrer noopener\">www.twitter.com\/ACBF_Official<\/a>&nbsp;&nbsp; &nbsp;<br><a href=\"https:\/\/www.intstagram.com\/theacbf\" target=\"_blank\" rel=\"noreferrer noopener\">www.intstagram.com\/theacbf<\/a>&nbsp;&nbsp;&nbsp;<br><a href=\"https:\/\/www.facebook.com\/TheACBF\" target=\"_blank\" rel=\"noreferrer noopener\">www.facebook.com\/TheACBF<\/a>&nbsp;<\/p>\n\n\n\n<p><\/p>","protected":false},"featured_media":3558,"template":"","class_list":["post-1323","news","type-news","status-publish","has-post-thumbnail","hentry"],"acf":[],"_links":{"self":[{"href":"https:\/\/theacbf.org\/fr\/wp-json\/wp\/v2\/news\/1323","targetHints":{"allow":["GET"]}}],"collection":[{"href":"https:\/\/theacbf.org\/fr\/wp-json\/wp\/v2\/news"}],"about":[{"href":"https:\/\/theacbf.org\/fr\/wp-json\/wp\/v2\/types\/news"}],"wp:featuredmedia":[{"embeddable":true,"href":"https:\/\/theacbf.org\/fr\/wp-json\/wp\/v2\/media\/3558"}],"wp:attachment":[{"href":"https:\/\/theacbf.org\/fr\/wp-json\/wp\/v2\/media?parent=1323"}],"curies":[{"name":"wp","href":"https:\/\/api.w.org\/{rel}","templated":true}]}}