{"id":1347,"date":"2025-08-06T11:55:19","date_gmt":"2025-08-06T09:55:19","guid":{"rendered":"http:\/\/139.84.233.196\/acbf.org\/?post_type=news&#038;p=1347"},"modified":"2025-08-06T11:55:19","modified_gmt":"2025-08-06T09:55:19","slug":"promoting-the-acceleration-of-the-afcfta-implementation-and-the-realization-of-the-african-trade-integration","status":"publish","type":"news","link":"https:\/\/theacbf.org\/fr\/news\/promoting-the-acceleration-of-the-afcfta-implementation-and-the-realization-of-the-african-trade-integration\/","title":{"rendered":"Promouvoir l'acc\u00e9l\u00e9ration de la mise en \u0153uvre de la ZLECA et la r\u00e9alisation de l'int\u00e9gration commerciale africaine"},"content":{"rendered":"<p>La Fondation pour le renforcement des capacit\u00e9s en Afrique (ACBF), sous le patronage de la R\u00e9publique d'Azerba\u00efdjan et en partenariat avec le d\u00e9partement charg\u00e9 du D\u00e9veloppement Economique, du Commerce, du Tourisme, de l'Industrie et des Mines (ETTIM) de la Conmission de l'Union Africaine, organise une formation \u00e0 l'intention des Ambassadeurs et Diplomates Africains accr\u00e9dit\u00e9s aupr\u00e8s de l'Union africaine, dans le but d'am\u00e9liorer leur compr\u00e9hension de la ZLECAf et de les doter des connaissances et comp\u00e9tences n\u00e9cessaires pour promouvoir et soutenir sa mise en \u0153uvre de mani\u00e8re efficace.<\/p>\n\n\n\n<p>L'engagement de l'ACBF aupr\u00e8s des Ambassadeurs et Diplomates africains accr\u00e9dit\u00e9s aupr\u00e8s de l'Union Africaine offre l'occasion de favoriser la collaboration entre les pays africains et de renforcer la coordination n\u00e9cessaire pour acc\u00e9l\u00e9rer la mise en \u0153uvre de la ZLECAf, avec l'objectif ultime de r\u00e9aliser la Communaut\u00e9 \u00e9conomique africaine envisag\u00e9e par le Trait\u00e9 d'Abuja. Leur participation peut aider \u00e0 \u00e9tablir un consensus et \u00e0 mobiliser le soutien n\u00e9cessaire aux r\u00e9formes et aux ajustements politiques n\u00e9cessaires aux niveaux national et r\u00e9gional.<\/p>\n\n\n\n<p>La formation devrait d\u00e9boucher \u00e0 des recommandations et des actions concr\u00e8tes susceptibles de faire avancer la ZLECAf, ce qui permettra d'accro\u00eetre le commerce intra-Africain, de renforcer l'int\u00e9gration r\u00e9gionale, la croissance \u00e9conomique, la cr\u00e9ation d'emplois et en fin de compte d'am\u00e9liorer les conditions de vie de la population du continent.<\/p>\n\n\n\n<p>L'ACBF dispense cette formation avec le soutien technique du Secr\u00e9tariat de la Zone de libre-\u00e9change continentale africaine (ZLECAf), de la Commission \u00e9conomique des Nations unies pour l'Afrique (UNECA), du Centre du commerce international, de l'Association panafricaine des fabricants et du Conseil des entreprises africaines.<\/p>\n\n\n\n<p class=\"translation-block\">La formation se tiendra au si\u00e8ge de l'Union africaine \u00e0 Addis-Abeba, en \u00c9thiopie, les 20 et 21 f\u00e9vrier 2024.<\/p>\n\n\n\n<p>-FIN-<\/p>\n\n\n\n<p><strong>\u00c0 propos de l\u2019ACBF<\/strong><\/p>\n\n\n\n<p>Depuis plus de 30 ans, la Fondation pour le renforcement des capacit\u00e9s en Afrique (ACBF) \u0153uvre au renforcement du capital humain et des capacit\u00e9s institutionnelles pour le d\u00e9veloppement durable de l'Afrique. Forte de 40 pays africains membres, de la Banque africaine de d\u00e9veloppement (BAD), du Programme des Nations Unies pour le d\u00e9veloppement (PNUD), de l'Union africaine (UA) et de la Banque mondiale, l'ACBF est la principale institution de renforcement des capacit\u00e9s en Afrique.<\/p>\n\n\n\n<p>Tout en servant tous les acteurs, l\u2019ACBF reconna\u00eet l\u2019importance et accorde une attention particuli\u00e8re \u00e0 l\u2019am\u00e9lioration de l\u2019efficacit\u00e9 des institutions du secteur public africain aux niveaux local, national, r\u00e9gional et continental pour devenir des int\u00e9grateurs de syst\u00e8mes efficaces et des catalyseurs de changements durables et transformateurs.<\/p>\n\n\n\n<p>Depuis sa cr\u00e9ation en 1991, l'ACBF a form\u00e9 plus de 50\u00a0000 fonctionnaires, dont la plupart occupent des postes cl\u00e9s au sein des minist\u00e8res des Finances, de la Planification, du D\u00e9veloppement \u00e9conomique et des banques centrales du continent. La Fondation a \u00e9tabli un r\u00e9seau de plus de 50 groupes de r\u00e9flexion soutenant l'\u00e9laboration de politiques fond\u00e9es sur des donn\u00e9es probantes en Afrique et a men\u00e9 de nombreuses recherches et analyses politiques, essentielles pour \u00e9clairer la gestion \u00e9conomique et \u00e9tablir des crit\u00e8res de r\u00e9ussite.<\/p>\n\n\n\n<p><strong>Pour plus d'informations, contactez :<\/strong><\/p>\n\n\n\n<p>Fatou Diouf, Responsable Communication et Influence<\/p>\n\n\n\n<p><a href=\"mailto:comms@acbf-pact.org\">comms@acbf-pact.org<\/a><\/p>","protected":false},"featured_media":0,"template":"","class_list":["post-1347","news","type-news","status-publish","hentry"],"acf":[],"_links":{"self":[{"href":"https:\/\/theacbf.org\/fr\/wp-json\/wp\/v2\/news\/1347","targetHints":{"allow":["GET"]}}],"collection":[{"href":"https:\/\/theacbf.org\/fr\/wp-json\/wp\/v2\/news"}],"about":[{"href":"https:\/\/theacbf.org\/fr\/wp-json\/wp\/v2\/types\/news"}],"wp:attachment":[{"href":"https:\/\/theacbf.org\/fr\/wp-json\/wp\/v2\/media?parent=1347"}],"curies":[{"name":"wp","href":"https:\/\/api.w.org\/{rel}","templated":true}]}}