{"id":1981,"date":"2025-12-02T12:23:59","date_gmt":"2025-12-02T10:23:59","guid":{"rendered":"https:\/\/theacbf.org\/?post_type=news&#038;p=1981"},"modified":"2026-04-16T15:44:45","modified_gmt":"2026-04-16T13:44:45","slug":"strengthening-africas-tobacco-control-future-through-capable-institutions","status":"publish","type":"news","link":"https:\/\/theacbf.org\/fr\/news\/strengthening-africas-tobacco-control-future-through-capable-institutions\/","title":{"rendered":"Renforcer l\u2019avenir de la lutte antitabac en Afrique gr\u00e2ce \u00e0 des institutions comp\u00e9tentes"},"content":{"rendered":"<p>La Fondation africaine pour le renforcement des capacit\u00e9s (ACBF) s\u2019est jointe aux gouvernements, aux organisations de la soci\u00e9t\u00e9 civile, aux groupes de jeunes et aux acteurs mondiaux de la sant\u00e9 \u00e0 Gen\u00e8ve du 17 au 22 novembre 2025 pour la onzi\u00e8me session de la Conf\u00e9rence des Parties (COP11) de la Convention-cadre de l\u2019OMS pour la lutte antitabac.<\/p>\n\n\n\n<p>La conf\u00e9rence s'est conclue par une s\u00e9rie de d\u00e9cisions qui r\u00e9affirment l'engagement mondial en faveur de la r\u00e9duction du tabagisme et de la protection de la sant\u00e9 publique. Elle fournit un cadre essentiel pour lutter contre les m\u00e9faits du tabac.<\/p>\n\n\n\n<div class=\"wp-block-media-text is-stacked-on-mobile is-image-fill-element\" style=\"grid-template-columns:40% auto\"><figure class=\"wp-block-media-text__media\"><img decoding=\"async\" width=\"1024\" height=\"473\" src=\"https:\/\/theacbf.org\/wp-content\/uploads\/2025\/12\/WhatsApp-Image-2025-12-02-at-15.24.48_bdc10829-1024x473.jpg\" alt=\"\" class=\"wp-image-1994 size-full\" style=\"object-position:50% 50%\" srcset=\"https:\/\/theacbf.org\/wp-content\/uploads\/2025\/12\/WhatsApp-Image-2025-12-02-at-15.24.48_bdc10829-1024x473.jpg 1024w, https:\/\/theacbf.org\/wp-content\/uploads\/2025\/12\/WhatsApp-Image-2025-12-02-at-15.24.48_bdc10829-300x138.jpg 300w, https:\/\/theacbf.org\/wp-content\/uploads\/2025\/12\/WhatsApp-Image-2025-12-02-at-15.24.48_bdc10829-768x354.jpg 768w, https:\/\/theacbf.org\/wp-content\/uploads\/2025\/12\/WhatsApp-Image-2025-12-02-at-15.24.48_bdc10829-18x8.jpg 18w, https:\/\/theacbf.org\/wp-content\/uploads\/2025\/12\/WhatsApp-Image-2025-12-02-at-15.24.48_bdc10829.jpg 1170w\" sizes=\"(max-width: 1024px) 100vw, 1024px\" \/><\/figure><div class=\"wp-block-media-text__content\">\n<p>Bien que la Convention \u00e9tablisse des normes internationales, son efficacit\u00e9 en Afrique d\u00e9pend de la solidit\u00e9 des institutions charg\u00e9es de sa mise en \u0153uvre et de son application. Les progr\u00e8s du continent continueront de reposer sur les syst\u00e8mes, les comp\u00e9tences et les structures de leadership qui traduisent les engagements en actions concr\u00e8tes et durables.<\/p>\n\n\n\n<p>Dans de nombreux pays africains, les nouveaux produits nicotin\u00e9s se d\u00e9veloppent, l'exposition des jeunes augmente et les d\u00e9fis transfrontaliers exigent des r\u00e9ponses coordonn\u00e9es. La croissance d\u00e9mographique accentue l'urgence, des millions de jeunes atteignant l'\u00e2ge adulte au moment o\u00f9 l'influence de l'industrie se perfectionne. Cette r\u00e9alit\u00e9 fait de la r\u00e9silience institutionnelle l'une des priorit\u00e9s de sant\u00e9 publique les plus cruciales en Afrique.<\/p>\n<\/div><\/div>\n\n\n\n<p><\/p>\n\n\n\n<h3 class=\"wp-block-heading is-style-border-botton-green\">Impact du renforcement des capacit\u00e9s<\/h3>\n\n\n\n<p>Depuis plus d'une d\u00e9cennie, l'ACBF soutient les gouvernements, les organisations de la soci\u00e9t\u00e9 civile, les groupes de r\u00e9flexion et les p\u00f4les r\u00e9gionaux de connaissances dans le d\u00e9veloppement des capacit\u00e9s institutionnelles et humaines n\u00e9cessaires \u00e0 la mise en \u0153uvre de la Convention.<\/p>\n\n\n\n<p>Ce soutien refl\u00e8te le mandat plus large de l\u2019ACBF en tant qu\u2019agence sp\u00e9cialis\u00e9e de l\u2019Union africaine pour le renforcement des capacit\u00e9s et renforce l\u2019id\u00e9e qu\u2019une lutte antitabac durable est indissociable de syst\u00e8mes solides, de professionnels qualifi\u00e9s et d\u2019une gouvernance coordonn\u00e9e.<\/p>\n\n\n\n<div class=\"wp-block-media-text has-media-on-the-right is-stacked-on-mobile is-image-fill-element\" style=\"grid-template-columns:auto 40%\"><div class=\"wp-block-media-text__content\">\n<p>Le travail de l\u2019ACBF vise \u00e0 renforcer les capacit\u00e9s institutionnelles et humaines en soutenant les organisations de la soci\u00e9t\u00e9 civile, les groupes de r\u00e9flexion, les p\u00f4les r\u00e9gionaux de connaissances et les syst\u00e8mes nationaux par le biais de formations, de donn\u00e9es probantes, d\u2019outils et de m\u00e9canismes de coordination qui renforcent la mise en \u0153uvre effective de la Convention.<\/p>\n\n\n\n<p>Cette approche s\u2019inscrit dans le cadre de l\u2019Agenda 2063 de l\u2019Union africaine et soutient les engagements mondiaux pris dans le cadre des Objectifs de d\u00e9veloppement durable, qui placent tous deux des institutions comp\u00e9tentes et des syst\u00e8mes de sant\u00e9 publique solides au c\u0153ur des aspirations de d\u00e9veloppement \u00e0 long terme de l\u2019Afrique.<\/p>\n\n\n\n<p>Le savoir demeure un pilier essentiel de la lutte antitabac efficace. L\u2019ACBF a soutenu la production et la diffusion de plus de 300 ressources documentaires relatives \u00e0 la lutte antitabac, offrant aux d\u00e9cideurs, aux chercheurs et aux militants des donn\u00e9es, des orientations et des \u00e9l\u00e9ments probants qui \u00e9clairent les mesures r\u00e9glementaires et renforcent les efforts de sensibilisation du public.<\/p>\n<\/div><figure class=\"wp-block-media-text__media\"><img decoding=\"async\" width=\"600\" height=\"400\" src=\"https:\/\/theacbf.org\/wp-content\/uploads\/2025\/12\/cop1.webp\" alt=\"\" class=\"wp-image-1985 size-full\" style=\"object-position:50% 50%\" srcset=\"https:\/\/theacbf.org\/wp-content\/uploads\/2025\/12\/cop1.webp 600w, https:\/\/theacbf.org\/wp-content\/uploads\/2025\/12\/cop1-300x200.webp 300w, https:\/\/theacbf.org\/wp-content\/uploads\/2025\/12\/cop1-18x12.webp 18w\" sizes=\"(max-width: 600px) 100vw, 600px\" \/><\/figure><\/div>\n\n\n\n<div style=\"height:30px\" aria-hidden=\"true\" class=\"wp-block-spacer\"><\/div>\n\n\n\n<p>L\u2019ACBF a renforc\u00e9 les capacit\u00e9s de plus de 100 organisations de la soci\u00e9t\u00e9 civile et centres de recherche, soutenu plus de 20 pays dans l\u2019adoption ou la mise en \u0153uvre de politiques de lutte antitabac et mobilis\u00e9 plus de 60 groupes de r\u00e9flexion pour des actions de sensibilisation et de plaidoyer en faveur de la recherche sur la lutte antitabac. La Fondation a \u00e9galement form\u00e9 plus de 20 professionnels de la lutte antitabac, contribuant ainsi \u00e0 des syst\u00e8mes plus robustes, \u00e0 une meilleure coordination et \u00e0 une mise en \u0153uvre durable dans tous les pays.<\/p>\n\n\n\n<p>Ces r\u00e9sultats d\u00e9montrent que le renforcement des capacit\u00e9s est une voie pratique et \u00e9prouv\u00e9e pour les pays qui cherchent \u00e0 faire progresser la lutte antitabac, \u00e0 prot\u00e9ger les jeunes et \u00e0 renforcer les priorit\u00e9s nationales en mati\u00e8re de sant\u00e9.<\/p>\n\n\n\n<h3 class=\"wp-block-heading is-style-border-botton-green\">ACBF \u00e0 la COP11<\/h3>\n\n\n\n<div class=\"wp-block-media-text is-stacked-on-mobile is-image-fill-element\" style=\"grid-template-columns:40% auto\"><figure class=\"wp-block-media-text__media\"><img decoding=\"async\" width=\"600\" height=\"400\" src=\"https:\/\/theacbf.org\/wp-content\/uploads\/2025\/12\/cop2.webp\" alt=\"\" class=\"wp-image-1984 size-full\" style=\"object-position:50% 50%\" srcset=\"https:\/\/theacbf.org\/wp-content\/uploads\/2025\/12\/cop2.webp 600w, https:\/\/theacbf.org\/wp-content\/uploads\/2025\/12\/cop2-300x200.webp 300w, https:\/\/theacbf.org\/wp-content\/uploads\/2025\/12\/cop2-18x12.webp 18w\" sizes=\"(max-width: 600px) 100vw, 600px\" \/><\/figure><div class=\"wp-block-media-text__content\">\n<p>La COP11 a offert une tribune opportune pour souligner l'importance de ces contributions. Alors que les parties examinaient les progr\u00e8s accomplis \u00e0 l'\u00e9chelle mondiale et envisageaient de nouvelles mesures pour encadrer les nouveaux produits, l'ACBF a insist\u00e9 sur le fait qu'un investissement soutenu dans les capacit\u00e9s institutionnelles est essentiel \u00e0 une mise en \u0153uvre efficace. Les pays ont besoin de continuit\u00e9, d'\u00e9quipes comp\u00e9tentes et de syst\u00e8mes coordonn\u00e9s pour faire appliquer la r\u00e9glementation, contr\u00f4ler les pratiques industrielles et prot\u00e9ger les populations contre les produits nocifs.<\/p>\n\n\n\n<p>Tout au long de la semaine, la d\u00e9l\u00e9gation de l'ACBF a rencontr\u00e9 des repr\u00e9sentants gouvernementaux, des jeunes, des ONG et des partenaires techniques, r\u00e9affirmant ainsi le r\u00f4le de la Fondation en tant que chef de file continental en mati\u00e8re de renforcement des capacit\u00e9s pour la lutte antitabac. Sur le stand de l'ACBF, les d\u00e9l\u00e9gu\u00e9s ont pu consulter le rapport annuel 2024, les ressources documentaires \u00e9labor\u00e9es sur les questions li\u00e9es \u00e0 la lutte antitabac et les outils qui ont soutenu les gouvernements et les organisations \u00e0 travers l'Afrique.<\/p>\n<\/div><\/div>\n\n\n\n<div style=\"height:30px\" aria-hidden=\"true\" class=\"wp-block-spacer\"><\/div>\n\n\n\n<p>D\u2019apr\u00e8s les observations r\u00e9alis\u00e9es pendant l\u2019\u00e9v\u00e9nement, le stand de l\u2019ACBF a accueilli en moyenne 80 visiteurs par jour, ce qui en fait l\u2019un des plus fr\u00e9quent\u00e9s de la COP11. Ce fort engouement t\u00e9moigne du vif int\u00e9r\u00eat suscit\u00e9 par le travail de l\u2019ACBF en mati\u00e8re de lutte antitabac et de renforcement des capacit\u00e9s en Afrique. Des d\u00e9l\u00e9gations de plusieurs pays africains, ainsi que d\u2019Am\u00e9rique latine, de Chine, de France, du Canada et d\u2019Espagne, ont manifest\u00e9 un int\u00e9r\u00eat particulier pour les programmes et les initiatives de renforcement institutionnel de l\u2019ACBF.<\/p>\n\n\n\n<p>Un \u00e9v\u00e9nement parall\u00e8le organis\u00e9 par l'ACBF a pr\u00e9sent\u00e9 des exemples de renforcement institutionnel mis en \u0153uvre par des partenaires r\u00e9gionaux. Cette session a illustr\u00e9 comment un renforcement cibl\u00e9 des capacit\u00e9s am\u00e9liore la cr\u00e9dibilit\u00e9, la durabilit\u00e9 et l'influence politique, d\u00e9montrant ainsi les r\u00e9sultats concrets d'un investissement \u00e0 long terme dans le renforcement institutionnel.<\/p>\n\n\n\n<h3 class=\"wp-block-heading is-style-border-botton-green\">Un trait\u00e9 mondial sur la sant\u00e9 \u00e0 port\u00e9e continentale<\/h3>\n\n\n\n<div class=\"wp-block-media-text has-media-on-the-right is-stacked-on-mobile is-image-fill-element\" style=\"grid-template-columns:auto 40%\"><div class=\"wp-block-media-text__content\">\n<p>La participation \u00e0 la COP11 a \u00e9t\u00e9 large, avec des repr\u00e9sentants des gouvernements, des ONG, des jeunes et des observateurs contribuant aux discussions et aux sessions parall\u00e8les sur les questions centrales de la Convention. La Convention-cadre de l\u2019OMS pour la lutte antitabac (CCLAT) demeure le premier trait\u00e9 de sant\u00e9 publique n\u00e9goci\u00e9 sous l\u2019\u00e9gide de l\u2019OMS, avec 183 \u00c9tats parties repr\u00e9sentant 90 % de la population mondiale. Elle offre un cadre juridique et des mesures compl\u00e8tes, allant des grands avertissements illustr\u00e9s aux lois antitabac et \u00e0 l\u2019augmentation des taxes sur le tabac, des mesures qui ont d\u00e9j\u00e0 permis de sauver des millions de vies.<\/p>\n\n\n\n<p>Pour l\u2019Afrique, le plein potentiel du trait\u00e9 ne pourra se r\u00e9aliser que lorsque les institutions seront suffisamment fortes pour l\u2019appliquer de mani\u00e8re coh\u00e9rente et durable. C\u2019est l\u00e0 que le mandat de l\u2019ACBF rejoint le plus clairement les priorit\u00e9s mondiales en mati\u00e8re de sant\u00e9 et de d\u00e9veloppement.<\/p>\n<\/div><figure class=\"wp-block-media-text__media\"><img decoding=\"async\" width=\"600\" height=\"400\" src=\"https:\/\/theacbf.org\/wp-content\/uploads\/2025\/12\/cop3.webp\" alt=\"\" class=\"wp-image-1987 size-full\" style=\"object-position:50% 50%\" srcset=\"https:\/\/theacbf.org\/wp-content\/uploads\/2025\/12\/cop3.webp 600w, https:\/\/theacbf.org\/wp-content\/uploads\/2025\/12\/cop3-300x200.webp 300w, https:\/\/theacbf.org\/wp-content\/uploads\/2025\/12\/cop3-18x12.webp 18w\" sizes=\"(max-width: 600px) 100vw, 600px\" \/><\/figure><\/div>\n\n\n\n<div style=\"height:30px\" aria-hidden=\"true\" class=\"wp-block-spacer\"><\/div>\n\n\n\n<p>La lutte antitabac efficace en Afrique exige des institutions solides, des professionnels qualifi\u00e9s et une collaboration soutenue. Si la Convention fournit des orientations, les progr\u00e8s \u00e0 long terme d\u00e9pendent des syst\u00e8mes et des personnes charg\u00e9s de sa mise en \u0153uvre.<\/p>\n\n\n\n<p>L\u2019ACBF demeure d\u00e9termin\u00e9e \u00e0 soutenir les pays et les organisations r\u00e9gionales dans leurs efforts pour renforcer leurs fondements institutionnels, d\u00e9velopper leurs capacit\u00e9s et investir dans une mise en \u0153uvre durable. L\u2019avenir de la lutte antitabac en Afrique d\u00e9pendra de la solidit\u00e9 de ses syst\u00e8mes et des investissements \u00e0 long terme r\u00e9alis\u00e9s aujourd\u2019hui pour prot\u00e9ger les g\u00e9n\u00e9rations pr\u00e9sentes et futures.<\/p>\n\n\n\n<p><\/p>","protected":false},"featured_media":1996,"template":"","class_list":["post-1981","news","type-news","status-publish","has-post-thumbnail","hentry"],"acf":[],"_links":{"self":[{"href":"https:\/\/theacbf.org\/fr\/wp-json\/wp\/v2\/news\/1981","targetHints":{"allow":["GET"]}}],"collection":[{"href":"https:\/\/theacbf.org\/fr\/wp-json\/wp\/v2\/news"}],"about":[{"href":"https:\/\/theacbf.org\/fr\/wp-json\/wp\/v2\/types\/news"}],"wp:featuredmedia":[{"embeddable":true,"href":"https:\/\/theacbf.org\/fr\/wp-json\/wp\/v2\/media\/1996"}],"wp:attachment":[{"href":"https:\/\/theacbf.org\/fr\/wp-json\/wp\/v2\/media?parent=1981"}],"curies":[{"name":"wp","href":"https:\/\/api.w.org\/{rel}","templated":true}]}}