{"id":363,"date":"2025-07-30T12:43:44","date_gmt":"2025-07-30T10:43:44","guid":{"rendered":"http:\/\/139.84.233.196\/acbf.org\/?post_type=news&#038;p=363"},"modified":"2026-04-17T12:00:31","modified_gmt":"2026-04-17T10:00:31","slug":"turning-declarations-into-action-building-institutional-capacity-for-tobacco-control-in-africa","status":"publish","type":"news","link":"https:\/\/theacbf.org\/fr\/news\/turning-declarations-into-action-building-institutional-capacity-for-tobacco-control-in-africa\/","title":{"rendered":"Transformer les d\u00e9clarations en actions\u00a0: renforcer les capacit\u00e9s institutionnelles de lutte antitabac en Afrique"},"content":{"rendered":"<p>Lors de la Conf\u00e9rence mondiale sur la lutte antitabac de 2025 \u00e0 Dublin, en Irlande, les dirigeants mondiaux de la sant\u00e9 ont renouvel\u00e9 leur appel \u00e0 l'action par le biais de la D\u00e9claration de Dublin. Elle \u00e9nonce cinq priorit\u00e9s claires\u00a0: augmenter les taxes sur le tabac, lutter contre l'ing\u00e9rence de l'industrie, interdire la publicit\u00e9 et le parrainage, lutter contre les dommages environnementaux et renforcer la collaboration intersectorielle. Cette d\u00e9claration refl\u00e8te l'urgence partag\u00e9e de mettre fin \u00e0 l'\u00e9pid\u00e9mie mondiale de tabagisme. Le principal d\u00e9ficit du continent ne r\u00e9side pas dans l'ambition, mais dans les capacit\u00e9s institutionnelles.<\/p>\n\n\n\n<p>Pour l'Afrique, cependant, concr\u00e9tiser cette vision exige plus que des engagements audacieux. Il faut \u00e9galement b\u00e2tir des institutions solides, coordonn\u00e9es et durables, capables de concevoir, de mettre en \u0153uvre, de suivre et d'appliquer les politiques de lutte antitabac.<\/p>\n\n\n\n<p><strong>Combler le foss\u00e9 de la mise en \u0153uvre en Afrique<\/strong><\/p>\n\n\n\n<p>Malgr\u00e9 une dynamique croissante sur le continent, un important d\u00e9ficit de mise en \u0153uvre persiste. Si 44 pays africains ont ratifi\u00e9 la Convention-cadre de l'OMS pour la lutte antitabac (CCLAT), seuls quelques-uns, comme l'\u00c9thiopie, Maurice et le Ghana, ont r\u00e9alis\u00e9 des progr\u00e8s significatifs dans le d\u00e9ploiement des mesures MPOWER.<\/p>\n\n\n\n<p><strong>De nombreux pays sont encore confront\u00e9s \u00e0 :<\/strong><\/p>\n\n\n\n<ul class=\"wp-block-list\">\n<li>Faible coordination interminist\u00e9rielle dans la mise en \u0153uvre de la CCLAT.<\/li>\n\n\n\n<li>L\u2019expertise technique et les outils n\u00e9cessaires pour surveiller la fiscalit\u00e9, lutter contre le commerce illicite ou faire respecter les interdictions sont insuffisants.<\/li>\n\n\n\n<li>Programmes nationaux de lutte antitabac sous-financ\u00e9s, souvent d\u00e9pendants de financements externes \u00e0 court terme.<\/li>\n\n\n\n<li>Int\u00e9gration limit\u00e9e de la lutte antitabac dans les plans nationaux de d\u00e9veloppement, les syst\u00e8mes de sant\u00e9 et les strat\u00e9gies d\u2019\u00e9ducation.<\/li>\n<\/ul>\n\n\n\n<p>Sans investissements cibl\u00e9s dans les capacit\u00e9s institutionnelles, les aspirations de la D\u00e9claration de Dublin resteront hors de port\u00e9e.<\/p>\n\n\n\n<p><strong>Le r\u00f4le de l\u2019ACBF\u00a0: investir dans la r\u00e9silience institutionnelle<\/strong><\/p>\n\n\n\n<p>La Fondation pour le renforcement des capacit\u00e9s en Afrique (ACBF), l\u2019agence sp\u00e9cialis\u00e9e de l\u2019UA pour le renforcement des capacit\u00e9s, fait progresser les efforts de lutte antitabac en Afrique depuis 2014. Maintenant dans sa troisi\u00e8me phase de programme (2023-2027), l\u2019ACBF continue d\u2019aider les gouvernements, la soci\u00e9t\u00e9 civile et les institutions de recherche \u00e0 mettre en \u0153uvre efficacement les dispositions de la Convention-cadre de l\u2019OMS pour la lutte antitabac.<\/p>\n\n\n\n<p><strong>Principales r\u00e9alisations\u00a0:<\/strong><\/p>\n\n\n\n<ul class=\"wp-block-list\">\n<li>A soutenu l\u2019adoption d\u2019une l\u00e9gislation sur le tabac en Gambie, au Gabon, en \u00c9thiopie et en Mauritanie.<\/li>\n\n\n\n<li>Renforcement de la capacit\u00e9 op\u00e9rationnelle d\u2019au moins 13 organisations de la soci\u00e9t\u00e9 civile (OSC) pour surveiller, d\u00e9fendre et r\u00e9pondre aux tactiques de l\u2019industrie.<\/li>\n\n\n\n<li>A \u00e9quip\u00e9 les organisations de la soci\u00e9t\u00e9 civile et les d\u00e9partements universitaires de syst\u00e8mes de gouvernance, de formations au leadership et de strat\u00e9gies de mobilisation de ressources sur mesure.<\/li>\n\n\n\n<li>A contribu\u00e9 \u00e0 la cr\u00e9ation de comit\u00e9s nationaux de lutte antitabac dans des pays comme la Zambie, le Niger et le B\u00e9nin.<\/li>\n<\/ul>\n\n\n\n<p>Contrairement aux mod\u00e8les de projets \u00e0 court terme, l\u2019approche de l\u2019ACBF se concentre sur la durabilit\u00e9 institutionnelle \u00e0 long terme, en int\u00e9grant la lutte antitabac dans les syst\u00e8mes et capacit\u00e9s nationaux qui peuvent perdurer au-del\u00e0 des cycles des donateurs.<\/p>\n\n\n\n<p><strong>Alignement sur la D\u00e9claration de Dublin : priorit\u00e9s strat\u00e9giques<\/strong><\/p>\n\n\n\n<p>Pour traduire la D\u00e9claration de Dublin en actions concr\u00e8tes en Afrique, l\u2019ACBF, en collaboration avec d\u2019autres partenaires r\u00e9gionaux de la lutte antitabac, continuera d\u2019intensifier son soutien dans cinq domaines cl\u00e9s :<\/p>\n\n\n\n<p><strong>1. Financement durable gr\u00e2ce aux taxes sur le tabac<\/strong><\/p>\n\n\n\n<ul class=\"wp-block-list\">\n<li>D\u00e9velopper des comp\u00e9tences techniques au sein des Minist\u00e8res des Finances en mati\u00e8re de mod\u00e9lisation et de simulation fiscale.<\/li>\n\n\n\n<li>Soutenir la cr\u00e9ation et la gestion de fonds nationaux de lutte antitabac.<\/li>\n\n\n\n<li>Donner aux OSC les moyens de suivre la mise en \u0153uvre et de plaider en faveur d\u2019un financement durable.<\/li>\n<\/ul>\n\n\n\n<p><strong>2. Lutter contre l'ing\u00e9rence de l'industrie<\/strong><\/p>\n\n\n\n<ul class=\"wp-block-list\">\n<li>Promouvoir l\u2019adoption du Protocole sur le commerce illicite.<\/li>\n\n\n\n<li>\u00c9laborer des politiques de conflit d\u2019int\u00e9r\u00eats conformes \u00e0 l\u2019article 5.3 de la CCLAT.<\/li>\n\n\n\n<li>Renforcer les institutions de surveillance et les m\u00e9canismes de tra\u00e7age et de suivi.<\/li>\n<\/ul>\n\n\n\n<p><strong>3. Application des interdictions de promotion et de publicit\u00e9<\/strong><\/p>\n\n\n\n<ul class=\"wp-block-list\">\n<li>Soutenir la r\u00e9glementation du contenu dans les industries du divertissement comme Nollywood.<\/li>\n\n\n\n<li>Doter les autorit\u00e9s m\u00e9diatiques d\u2019outils de surveillance des plateformes num\u00e9riques.<\/li>\n<\/ul>\n\n\n\n<p><strong>4. Gestion des impacts environnementaux<\/strong><\/p>\n\n\n\n<ul class=\"wp-block-list\">\n<li>Impliquer les minist\u00e8res de l\u2019environnement et de l\u2019agriculture dans la diversification des cultures et la r\u00e9duction de la pollution.<\/li>\n\n\n\n<li>Soutenir les \u00e9valuations d\u2019impact environnemental et le suivi des donn\u00e9es.<\/li>\n<\/ul>\n\n\n\n<p><strong>5. Promouvoir la collaboration multisectorielle<\/strong><\/p>\n\n\n\n<ul class=\"wp-block-list\">\n<li>Faciliter la coordination entre les agences nationales, l\u2019UA, l\u2019Africa CDC et les CER.<\/li>\n\n\n\n<li>Renforcer la capacit\u00e9 des institutions de recherche \u00e0 g\u00e9n\u00e9rer des preuves locales pour influencer les politiques.<\/li>\n\n\n\n<li>D\u00e9velopper les plateformes d\u2019apprentissage gr\u00e2ce \u00e0 des initiatives telles que l\u2019Acad\u00e9mie Ubora et les centres de formation r\u00e9gionaux.<\/li>\n<\/ul>\n\n\n\n<p><strong>De la promesse au progr\u00e8s<\/strong><\/p>\n\n\n\n<p>La D\u00e9claration de Dublin repr\u00e9sente un engagement mondial essentiel pour mettre fin \u00e0 l'\u00e9pid\u00e9mie de tabagisme. Mais en Afrique, o\u00f9 l'ambition politique d\u00e9passe souvent la pr\u00e9paration des institutions, la priorit\u00e9 doit \u00eatre donn\u00e9e \u00e0 la construction d'institutions r\u00e9silientes.<\/p>\n\n\n\n<p>L'ACBF reste engag\u00e9e dans ce programme. Gr\u00e2ce \u00e0 des investissements cibl\u00e9s et \u00e0 des partenariats strat\u00e9giques, nous continuerons de renforcer la communaut\u00e9 de la lutte antitabac en donnant aux gouvernements, aux OSC et aux organismes de recherche les moyens de mener la riposte africaine avec ind\u00e9pendance, cr\u00e9dibilit\u00e9 et durabilit\u00e9.<\/p>\n\n\n\n<p>Mettre fin \u00e0 la consommation de tabac en Afrique est possible, mais seulement si nous mettons en place des institutions capables d\u2019apporter un changement durable.<\/p>\n\n\n\n<div class=\"wp-block-columns is-layout-flex wp-container-core-columns-is-layout-9d6595d7 wp-block-columns-is-layout-flex\">\n<div class=\"wp-block-column is-layout-flow wp-block-column-is-layout-flow\">\n<figure class=\"wp-block-image size-full\"><img decoding=\"async\" width=\"646\" height=\"414\" src=\"http:\/\/139.84.233.196\/acbf.org\/wp-content\/uploads\/2025\/07\/img1_3.jpg\" alt=\"\" class=\"wp-image-1313\" srcset=\"https:\/\/theacbf.org\/wp-content\/uploads\/2025\/07\/img1_3.jpg 646w, https:\/\/theacbf.org\/wp-content\/uploads\/2025\/07\/img1_3-300x192.jpg 300w\" sizes=\"(max-width: 646px) 100vw, 646px\" \/><\/figure>\n<\/div>\n\n\n\n<div class=\"wp-block-column is-layout-flow wp-block-column-is-layout-flow\">\n<figure class=\"wp-block-image size-full\"><img decoding=\"async\" width=\"646\" height=\"414\" src=\"http:\/\/139.84.233.196\/acbf.org\/wp-content\/uploads\/2025\/07\/img3_1.jpg\" alt=\"\" class=\"wp-image-1314\" srcset=\"https:\/\/theacbf.org\/wp-content\/uploads\/2025\/07\/img3_1.jpg 646w, https:\/\/theacbf.org\/wp-content\/uploads\/2025\/07\/img3_1-300x192.jpg 300w\" sizes=\"(max-width: 646px) 100vw, 646px\" \/><\/figure>\n<\/div>\n<\/div>\n\n\n\n<p><strong>Pour plus d'informations, contactez :<\/strong><\/p>\n\n\n\n<p>Fatou Diouf, Responsable Communication et Influence&nbsp;<br><a href=\"mailto:comms@theacbf.org\" target=\"_blank\" rel=\"noreferrer noopener\">comms@theacbf.org<\/a><\/p>\n\n\n\n<p><strong>Suivez-nous sur :\u00a0<\/strong><br><a href=\"https:\/\/www.linkedin.com\/company\/africa-capacity-building-foundation\" target=\"_blank\" rel=\"noreferrer noopener\">www.linkedin.com\/company\/africa-capacity-building-foundation\u00a0<\/a><br><a href=\"https:\/\/www.twitter.com\/ACBF_Official\" target=\"_blank\" rel=\"noreferrer noopener\">www.twitter.com\/ACBF_Official<\/a><br><a href=\"https:\/\/www.intstagram.com\/theacbf\" target=\"_blank\" rel=\"noreferrer noopener\">www.intstagram.com\/theacbf<\/a><br><a href=\"https:\/\/www.facebook.com\/TheACBF\" target=\"_blank\" rel=\"noreferrer noopener\">www.facebook.com\/TheACBF<\/a><\/p>","protected":false},"featured_media":1313,"template":"","class_list":["post-363","news","type-news","status-publish","has-post-thumbnail","hentry"],"acf":[],"_links":{"self":[{"href":"https:\/\/theacbf.org\/fr\/wp-json\/wp\/v2\/news\/363","targetHints":{"allow":["GET"]}}],"collection":[{"href":"https:\/\/theacbf.org\/fr\/wp-json\/wp\/v2\/news"}],"about":[{"href":"https:\/\/theacbf.org\/fr\/wp-json\/wp\/v2\/types\/news"}],"wp:featuredmedia":[{"embeddable":true,"href":"https:\/\/theacbf.org\/fr\/wp-json\/wp\/v2\/media\/1313"}],"wp:attachment":[{"href":"https:\/\/theacbf.org\/fr\/wp-json\/wp\/v2\/media?parent=363"}],"curies":[{"name":"wp","href":"https:\/\/api.w.org\/{rel}","templated":true}]}}